{"id":759,"date":"2023-07-07T00:51:41","date_gmt":"2023-07-07T00:51:41","guid":{"rendered":"https:\/\/cmictamaulipas.org.mx\/?p=759"},"modified":"2023-07-07T01:19:26","modified_gmt":"2023-07-07T01:19:26","slug":"inicio-de-trabajos-y-puesta-en-marcha-del-centro-de-entrenamiento-cmic-tamaulipas","status":"publish","type":"post","link":"https:\/\/cmictamaulipas.org.mx\/index.php\/2023\/07\/07\/inicio-de-trabajos-y-puesta-en-marcha-del-centro-de-entrenamiento-cmic-tamaulipas\/","title":{"rendered":"Inicio de Trabajos y puesta en marcha del Centro de Entrenamiento Cmic Tamaulipas"},"content":{"rendered":"<p>[et_pb_section fb_built=&#8221;1&#8243; theme_builder_area=&#8221;post_content&#8221; _builder_version=&#8221;4.21.0&#8243; _module_preset=&#8221;default&#8221;][et_pb_row _builder_version=&#8221;4.21.0&#8243; _module_preset=&#8221;default&#8221; column_structure=&#8221;1_3,2_3&#8243; theme_builder_area=&#8221;post_content&#8221;][et_pb_column _builder_version=&#8221;4.21.0&#8243; _module_preset=&#8221;default&#8221; type=&#8221;1_3&#8243; theme_builder_area=&#8221;post_content&#8221;][et_pb_gallery _builder_version=&#8221;4.21.0&#8243; _module_preset=&#8221;default&#8221; theme_builder_area=&#8221;post_content&#8221; gallery_ids=&#8221;762,763,764,765,768,769,770,771,772,773,774,775,776,777,778,779,780,781,782&#8243; posts_number=&#8221;2&#8243; show_title_and_caption=&#8221;off&#8221; hover_enabled=&#8221;0&#8243; sticky_enabled=&#8221;0&#8243;][\/et_pb_gallery][\/et_pb_column][et_pb_column _builder_version=&#8221;4.21.0&#8243; _module_preset=&#8221;default&#8221; type=&#8221;2_3&#8243; theme_builder_area=&#8221;post_content&#8221;][et_pb_text _builder_version=&#8221;4.21.0&#8243; _module_preset=&#8221;default&#8221; theme_builder_area=&#8221;post_content&#8221; hover_enabled=&#8221;0&#8243; sticky_enabled=&#8221;0&#8243; custom_padding=&#8221;||0px|||&#8221;]<\/p>\n<div class=\"xdj266r x11i5rnm xat24cr x1mh8g0r x1vvkbs x126k92a\">\n<div dir=\"auto\">\n<p style=\"text-align: justify;\">Inicio de Trabajos y puesta en marcha del Centro de Entrenamiento <span><a class=\"x1i10hfl xjbqb8w x6umtig x1b1mbwd xaqea5y xav7gou x9f619 x1ypdohk xt0psk2 xe8uvvx xdj266r x11i5rnm xat24cr x1mh8g0r xexx8yu x4uap5 x18d9i69 xkhd6sd x16tdsg8 x1hl2dhg xggy1nq x1a2a7pz xt0b8zv x1qq9wsj xo1l8bm\" href=\"https:\/\/www.facebook.com\/cmicdelegaciontamaulipas?__cft__[0]=AZX3n90UOaNPHZRma8U8Uimo6KXEwOQgGdwApfM-rLHwB9WSHLphGmlXS4b4FnlkymEthkGswsyP3G7dNz18sVj3YGRb-koHm_gyn46IOmf3A1qVDXjZX85sgqEzcDRNWik&amp;__tn__=-]K-R\" role=\"link\" tabindex=\"0\"><span class=\"xt0psk2\">Cmic Tamaulipas<\/span><\/a><\/span><\/p>\n<p style=\"text-align: justify;\">En el Parque de la Peque\u00f1a y Mediana Industria se coloc\u00f3 la primera piedra de la segunda etapa del Centro de Entrenamiento CMIC Tamaulipas, para la capacitaci\u00f3n a trabajadores de la industria de la construcci\u00f3n contando con la presencia del Dr. <a class=\"x1i10hfl xjbqb8w x6umtig x1b1mbwd xaqea5y xav7gou x9f619 x1ypdohk xt0psk2 xe8uvvx xdj266r x11i5rnm xat24cr x1mh8g0r xexx8yu x4uap5 x18d9i69 xkhd6sd x16tdsg8 x1hl2dhg xggy1nq x1a2a7pz xt0b8zv x1qq9wsj xo1l8bm\" href=\"https:\/\/www.facebook.com\/armandomartinezmanriquez?__cft__[0]=AZX3n90UOaNPHZRma8U8Uimo6KXEwOQgGdwApfM-rLHwB9WSHLphGmlXS4b4FnlkymEthkGswsyP3G7dNz18sVj3YGRb-koHm_gyn46IOmf3A1qVDXjZX85sgqEzcDRNWik&amp;__tn__=-]K-R\" role=\"link\" tabindex=\"0\"><span class=\"xt0psk2\">Armando Mart\u00ednez Manr\u00edquez<\/span><\/a> Presidente Municipal de Altamira.<\/p>\n<p style=\"text-align: justify;\">As\u00ed mismo se firm\u00f3 un Convenio de Colaboraci\u00f3n con el Municipio de Altamira y se tom\u00f3 <a tabindex=\"-1\"><\/a>protesta a la Comisi\u00f3n Mixta Municipio de Altamira-CMIC.<\/p>\n<p style=\"text-align: justify;\">\n<\/div>\n<\/div>\n<div class=\"x11i5rnm xat24cr x1mh8g0r x1vvkbs xtlvy1s x126k92a\" style=\"text-align: justify;\">\n<div dir=\"auto\">\n<p>De igual forma se realiz\u00f3 la entrega de un cheque para el DIF Altamira por la cantidad de $201, 982.86 resultado de las retenciones realizadas a los constructores organizados del Sur de Tamaulipas mismo que recibi\u00f3 la esposa del Alcalde la C.P. Rosa Irma Luque de Mart\u00ednez, Presidenta del DIF Altamira.<\/p>\n<p>&nbsp;<\/p>\n<\/div>\n<\/div>\n<div class=\"x11i5rnm xat24cr x1mh8g0r x1vvkbs xtlvy1s x126k92a\" style=\"text-align: justify;\">\n<div dir=\"auto\">\n<p>El Ing. Gerardo Holgu\u00edn L\u00f3pez, Presidente de la CMIC Tamaulipas agradeci\u00f3 la presencia a este importante evento.<\/p>\n<p>&nbsp;<\/p>\n<\/div>\n<\/div>\n<div class=\"x11i5rnm xat24cr x1mh8g0r x1vvkbs xtlvy1s x126k92a\">\n<div dir=\"auto\" style=\"text-align: justify;\"><span><a class=\"x1i10hfl xjbqb8w x6umtig x1b1mbwd xaqea5y xav7gou x9f619 x1ypdohk xt0psk2 xe8uvvx xdj266r x11i5rnm xat24cr x1mh8g0r xexx8yu x4uap5 x18d9i69 xkhd6sd x16tdsg8 x1hl2dhg xggy1nq x1a2a7pz xt0b8zv x1qq9wsj xo1l8bm\" href=\"https:\/\/www.facebook.com\/hashtag\/cmic?__eep__=6&amp;__cft__[0]=AZX3n90UOaNPHZRma8U8Uimo6KXEwOQgGdwApfM-rLHwB9WSHLphGmlXS4b4FnlkymEthkGswsyP3G7dNz18sVj3YGRb-koHm_gyn46IOmf3A1qVDXjZX85sgqEzcDRNWik&amp;__tn__=*NK-R\" role=\"link\" tabindex=\"0\">#CMIC<\/a><\/span> <span><a class=\"x1i10hfl xjbqb8w x6umtig x1b1mbwd xaqea5y xav7gou x9f619 x1ypdohk xt0psk2 xe8uvvx xdj266r x11i5rnm xat24cr x1mh8g0r xexx8yu x4uap5 x18d9i69 xkhd6sd x16tdsg8 x1hl2dhg xggy1nq x1a2a7pz xt0b8zv x1qq9wsj xo1l8bm\" href=\"https:\/\/www.facebook.com\/hashtag\/cmictamaulipas?__eep__=6&amp;__cft__[0]=AZX3n90UOaNPHZRma8U8Uimo6KXEwOQgGdwApfM-rLHwB9WSHLphGmlXS4b4FnlkymEthkGswsyP3G7dNz18sVj3YGRb-koHm_gyn46IOmf3A1qVDXjZX85sgqEzcDRNWik&amp;__tn__=*NK-R\" role=\"link\" tabindex=\"0\">#CMICTamaulipas<\/a><\/span> <span><a class=\"x1i10hfl xjbqb8w x6umtig x1b1mbwd xaqea5y xav7gou x9f619 x1ypdohk xt0psk2 xe8uvvx xdj266r x11i5rnm xat24cr x1mh8g0r xexx8yu x4uap5 x18d9i69 xkhd6sd x16tdsg8 x1hl2dhg xggy1nq x1a2a7pz xt0b8zv x1qq9wsj xo1l8bm\" href=\"https:\/\/www.facebook.com\/hashtag\/altamira?__eep__=6&amp;__cft__[0]=AZX3n90UOaNPHZRma8U8Uimo6KXEwOQgGdwApfM-rLHwB9WSHLphGmlXS4b4FnlkymEthkGswsyP3G7dNz18sVj3YGRb-koHm_gyn46IOmf3A1qVDXjZX85sgqEzcDRNWik&amp;__tn__=*NK-R\" role=\"link\" tabindex=\"0\">#Altamira<\/a><\/span><\/div>\n<\/div>\n<p>[\/et_pb_text][\/et_pb_column][\/et_pb_row][\/et_pb_section]<\/p>\n","protected":false},"excerpt":{"rendered":"<p>Inicio de Trabajos y puesta en marcha del Centro de Entrenamiento Cmic Tamaulipas En el Parque de la Peque\u00f1a y Mediana Industria se coloc\u00f3 la primera piedra de la segunda etapa del Centro de Entrenamiento CMIC Tamaulipas, para la capacitaci\u00f3n a trabajadores de la industria de la construcci\u00f3n contando con la presencia del Dr. Armando [&hellip;]<\/p>\n","protected":false},"author":1,"featured_media":760,"comment_status":"open","ping_status":"open","sticky":false,"template":"","format":"standard","meta":{"_et_pb_use_builder":"on","_et_pb_old_content":"","_et_gb_content_width":"1080","_joinchat":[],"footnotes":""},"categories":[7],"tags":[],"class_list":["post-759","post","type-post","status-publish","format-standard","has-post-thumbnail","hentry","category-noticias-eventos"],"_links":{"self":[{"href":"https:\/\/cmictamaulipas.org.mx\/index.php\/wp-json\/wp\/v2\/posts\/759","targetHints":{"allow":["GET"]}}],"collection":[{"href":"https:\/\/cmictamaulipas.org.mx\/index.php\/wp-json\/wp\/v2\/posts"}],"about":[{"href":"https:\/\/cmictamaulipas.org.mx\/index.php\/wp-json\/wp\/v2\/types\/post"}],"author":[{"embeddable":true,"href":"https:\/\/cmictamaulipas.org.mx\/index.php\/wp-json\/wp\/v2\/users\/1"}],"replies":[{"embeddable":true,"href":"https:\/\/cmictamaulipas.org.mx\/index.php\/wp-json\/wp\/v2\/comments?post=759"}],"version-history":[{"count":3,"href":"https:\/\/cmictamaulipas.org.mx\/index.php\/wp-json\/wp\/v2\/posts\/759\/revisions"}],"predecessor-version":[{"id":783,"href":"https:\/\/cmictamaulipas.org.mx\/index.php\/wp-json\/wp\/v2\/posts\/759\/revisions\/783"}],"wp:featuredmedia":[{"embeddable":true,"href":"https:\/\/cmictamaulipas.org.mx\/index.php\/wp-json\/wp\/v2\/media\/760"}],"wp:attachment":[{"href":"https:\/\/cmictamaulipas.org.mx\/index.php\/wp-json\/wp\/v2\/media?parent=759"}],"wp:term":[{"taxonomy":"category","embeddable":true,"href":"https:\/\/cmictamaulipas.org.mx\/index.php\/wp-json\/wp\/v2\/categories?post=759"},{"taxonomy":"post_tag","embeddable":true,"href":"https:\/\/cmictamaulipas.org.mx\/index.php\/wp-json\/wp\/v2\/tags?post=759"}],"curies":[{"name":"wp","href":"https:\/\/api.w.org\/{rel}","templated":true}]}}