{"id":925,"date":"2023-10-13T01:08:33","date_gmt":"2023-10-13T01:08:33","guid":{"rendered":"https:\/\/cmictamaulipas.org.mx\/?p=925"},"modified":"2023-10-13T01:09:03","modified_gmt":"2023-10-13T01:09:03","slug":"925","status":"publish","type":"post","link":"https:\/\/cmictamaulipas.org.mx\/index.php\/2023\/10\/13\/925\/","title":{"rendered":"Desayuno Informativo 11 de octubre"},"content":{"rendered":"\n[et_pb_section fb_built=&#8221;1&#8243; theme_builder_area=&#8221;post_content&#8221; _builder_version=&#8221;4.22.2&#8243; _module_preset=&#8221;default&#8221;][et_pb_row _builder_version=&#8221;4.22.2&#8243; _module_preset=&#8221;default&#8221; column_structure=&#8221;1_3,2_3&#8243; theme_builder_area=&#8221;post_content&#8221;][et_pb_column _builder_version=&#8221;4.22.2&#8243; _module_preset=&#8221;default&#8221; type=&#8221;1_3&#8243; theme_builder_area=&#8221;post_content&#8221;][et_pb_gallery _builder_version=&#8221;4.22.2&#8243; _module_preset=&#8221;default&#8221; theme_builder_area=&#8221;post_content&#8221; gallery_ids=&#8221;928,929,926&#8243; show_title_and_caption=&#8221;off&#8221; posts_number=&#8221;2&#8243; hover_enabled=&#8221;0&#8243; sticky_enabled=&#8221;0&#8243;][\/et_pb_gallery][\/et_pb_column][et_pb_column _builder_version=&#8221;4.22.2&#8243; _module_preset=&#8221;default&#8221; type=&#8221;2_3&#8243; theme_builder_area=&#8221;post_content&#8221;][et_pb_text _builder_version=&#8221;4.22.2&#8243; _module_preset=&#8221;default&#8221; theme_builder_area=&#8221;post_content&#8221; hover_enabled=&#8221;0&#8243; sticky_enabled=&#8221;0&#8243;]<p style=\"font-weight: 400;\">Este mi\u00e9rcoles 11 de octubre del 2023, se llev\u00f3 a cabo el desayuno informativo de afiliados CMIC Tamaulipas, el cual estuvo dirigido por el Ing. Gerardo Holgu\u00edn L\u00f3pez, Presidente de esta Delegaci\u00f3n.\u00a0<\/p>\n<p style=\"font-weight: 400;\">Se cont\u00f3 con la participaci\u00f3n del personal operativo compartiendo los indicadores del \u00e1rea de afiliaci\u00f3n a cargo de la Lic. Selma Aguirre S\u00e1nchez, Capacitaci\u00f3n a cargo de la Lic. Diana Izaguirre Turrubiates y del Observatorio de la Construcci\u00f3n a cargo de la C.P. Eunice Espitia Leal, participando tambi\u00e9n la C.P. Blanca Silvia Avil\u00e9s Aradillas Gerente General de la CMIC informando acerca de la Certificaci\u00f3n del Sistema de Gesti\u00f3n de Calidad obtenida por la CMIC Tamaulipas, siendo la primera en obtener esta Certificaci\u00f3n<span>\u00a0<\/span>otorgada por la FIC a<span>\u00a0<\/span>nivel Nacional.\u00a0<\/p>\n<p style=\"font-weight: 400;\">Durante la reuni\u00f3n se trataron tambi\u00e9n temas de importancia para todos los afiliados.<\/p>[\/et_pb_text][\/et_pb_column][\/et_pb_row][\/et_pb_section]\n","protected":false},"excerpt":{"rendered":"<p>Este mi\u00e9rcoles 11 de octubre del 2023, se llev\u00f3 a cabo el desayuno informativo de afiliados CMIC Tamaulipas, el cual estuvo dirigido por el Ing. Gerardo Holgu\u00edn L\u00f3pez, Presidente de esta Delegaci\u00f3n.\u00a0 Se cont\u00f3 con la participaci\u00f3n del personal operativo compartiendo los indicadores del \u00e1rea de afiliaci\u00f3n a cargo de la Lic. Selma Aguirre S\u00e1nchez, [&hellip;]<\/p>\n","protected":false},"author":1,"featured_media":926,"comment_status":"open","ping_status":"open","sticky":false,"template":"","format":"standard","meta":{"_et_pb_use_builder":"on","_et_pb_old_content":"","_et_gb_content_width":"1080","_joinchat":[],"footnotes":""},"categories":[7],"tags":[],"class_list":["post-925","post","type-post","status-publish","format-standard","has-post-thumbnail","hentry","category-noticias-eventos"],"_links":{"self":[{"href":"https:\/\/cmictamaulipas.org.mx\/index.php\/wp-json\/wp\/v2\/posts\/925","targetHints":{"allow":["GET"]}}],"collection":[{"href":"https:\/\/cmictamaulipas.org.mx\/index.php\/wp-json\/wp\/v2\/posts"}],"about":[{"href":"https:\/\/cmictamaulipas.org.mx\/index.php\/wp-json\/wp\/v2\/types\/post"}],"author":[{"embeddable":true,"href":"https:\/\/cmictamaulipas.org.mx\/index.php\/wp-json\/wp\/v2\/users\/1"}],"replies":[{"embeddable":true,"href":"https:\/\/cmictamaulipas.org.mx\/index.php\/wp-json\/wp\/v2\/comments?post=925"}],"version-history":[{"count":3,"href":"https:\/\/cmictamaulipas.org.mx\/index.php\/wp-json\/wp\/v2\/posts\/925\/revisions"}],"predecessor-version":[{"id":931,"href":"https:\/\/cmictamaulipas.org.mx\/index.php\/wp-json\/wp\/v2\/posts\/925\/revisions\/931"}],"wp:featuredmedia":[{"embeddable":true,"href":"https:\/\/cmictamaulipas.org.mx\/index.php\/wp-json\/wp\/v2\/media\/926"}],"wp:attachment":[{"href":"https:\/\/cmictamaulipas.org.mx\/index.php\/wp-json\/wp\/v2\/media?parent=925"}],"wp:term":[{"taxonomy":"category","embeddable":true,"href":"https:\/\/cmictamaulipas.org.mx\/index.php\/wp-json\/wp\/v2\/categories?post=925"},{"taxonomy":"post_tag","embeddable":true,"href":"https:\/\/cmictamaulipas.org.mx\/index.php\/wp-json\/wp\/v2\/tags?post=925"}],"curies":[{"name":"wp","href":"https:\/\/api.w.org\/{rel}","templated":true}]}}